    {"id":585,"date":"2026-02-20T13:46:00","date_gmt":"2026-02-20T13:46:00","guid":{"rendered":"https:\/\/betherz.com\/fe2dfa4a-1484-4f0d-ae0e-5b7fcc4df115\/"},"modified":"2026-02-20T13:46:11","modified_gmt":"2026-02-20T13:46:11","slug":"fe2dfa4a-1484-4f0d-ae0e-5b7fcc4df115","status":"publish","type":"post","link":"https:\/\/betherz.com\/fr\/fe2dfa4a-1484-4f0d-ae0e-5b7fcc4df115\/","title":{"rendered":"Coordinateur Logistique et Transport \u0152uvres d&#039;Art \u2013 CDI, Fonction Polyvalente et Environnement Stimulant"},"content":{"rendered":"<\/p>\n<\/p>\n<div style=\"background: #ffffff; border-radius: 12px; box-shadow: 0 10px 30px rgba(0, 0, 0, 0.1); width: 100%; max-width: 340px; padding: 25px; transition: transform 0.3s ease-in-out; overflow: visible; display: flex; flex-direction: column; position: relative; border: 1px solid #28a745; margin-top: 70px; margin-bottom: 50px; margin-left: auto; margin-right: auto;\">\n<div style=\"position: absolute; top: -35px; right: 15px; color: #28a745; padding: 5px 10px; border-radius: 6px; font-size: 14px; font-weight: bold; display: flex; align-items: center; z-index: 10;\">Recommand\u00e9 pour vous<\/div>\n<div data-namespace-header=\"\" style=\"\">\n<h3 data-namespace-title=\"\" style=\"color: #333; font-size: 20px; font-weight: bold; text-align: left; margin-right: 50px; min-height: 50px; margin-top: 0px;\">Coordinateur Logistique et Transport \u0152uvres d&#039;Art<\/h3>\n<\/p><\/div>\n<p data-namespace-prompt=\"\" style=\"font-size: 16px; color: #666; margin-bottom: 20px; line-height: 1.5; flex-grow: 1; text-align: left; margin-top: 0px;\">Poste CDI orient\u00e9 gestion op\u00e9rationnelle, suivi client, coordination transport et export. Requiert rigueur, adaptabilit\u00e9 et anglais courant. Salaire selon profil, environnement dynamique.<\/p>\n<p>    <a data-namespace-url=\"\" href=\"https:\/\/betherz.com\/fr\/redirect\/?https:\/\/fr.fashionjobs.com\/emploi\/sintel\/Coordinateur-logistique-et-transport-oeuvres-d-art,11337410.html?utm_campaign=google_jobs_apply&#038;utm_source=google_jobs_apply&#038;utm_medium=organic\" style=\"width: 100%; display: inline-block; color: white; text-decoration: none; border-radius: 6px; font-size: 16px; font-weight: bold; text-align: center; transition: transform 0.3s ease, background 0.3s ease; margin-top: auto;\" data-namespace-id=\"5c0d2565-3ba9-4280-a382-ad2a691e2285\"><br \/>\n        <button style=\"width: 100%; height: 55px; background: #e9e9ed; border: 1px solid black; color: black;\">Postuler \u00e0 cette offre<\/button><br \/>\n    <\/a><br \/>\n    <small style=\"margin-top: 10px; color: #777; font-size: 12px; text-align: center; display: block;\">Vous serez redirig\u00e9 vers un autre site<\/small>\n<\/div>\n<h2>Pr\u00e9sentation de l&#039;offre<\/h2>\n<p>Ce poste en CDI propose un temps plein avec un salaire en fonction de votre exp\u00e9rience. Vous rejoignez une soci\u00e9t\u00e9 sp\u00e9cialis\u00e9e dans le transport d&#039;\u0153uvres d&#039;art. Les conditions de travail mettent l&#039;accent sur la rigueur, la gestion des priorit\u00e9s et la polyvalence. Les profils recherch\u00e9s doivent \u00eatre titulaires d&#039;un dipl\u00f4me en Supply Chain ou logistique et parler anglais couramment. L&#039;environnement est dynamique, stimulant et favorise l&#039;autonomie comme la r\u00e9activit\u00e9 professionnelle.<\/p>\n<h2>Responsabilit\u00e9s principales au quotidien<\/h2>\n<p>Dans ce r\u00f4le, vous assurez la gestion compl\u00e8te des dossiers, de la demande initiale du client jusqu&#039;\u00e0 la livraison finale. Vous serez charg\u00e9 du suivi des acheminements, de la communication client, du traitement d&#039;\u00e9ventuels litiges et de l&#039;\u00e9tablissement des documents export. La saisie des commandes, la coordination entre diff\u00e9rents intervenants et la gestion de la facturation feront partie int\u00e9grante de vos missions journali\u00e8res. Ma\u00eetriser les outils informatiques et faire preuve d&#039;organisation sont indispensables. Enfin, vous repr\u00e9sentez un maillon cl\u00e9 entre les clients et les partenaires logistiques du transport d&#039;art.<\/p>\n<h2>Les points forts du poste<\/h2>\n<p>L&#039;une des principales forces de cette offre r\u00e9side dans la diversit\u00e9 des t\u00e2ches confi\u00e9es au coordinateur. Vous \u00e9voluez dans un secteur unique, \u00e0 la crois\u00e9e des mondes de la logistique, de l&#039;art et de l&#039;international. Le poste valorise l&#039;esprit d&#039;initiative et la capacit\u00e9 \u00e0 r\u00e9soudre des probl\u00e9matiques inattendues. Un autre avantage majeur est la dynamique positive li\u00e9e \u00e0 la collaboration avec des clients vari\u00e9s et des \u0153uvres prestigieuses. La stabilit\u00e9 du CDI et la possibilit\u00e9 de d\u00e9velopper vos comp\u00e9tences font de ce poste une opportunit\u00e9 \u00e0 fort potentiel.<\/p>\n<h2>Les limites \u00e0 prendre en compte<\/h2>\n<p>Le rythme soutenu et la charge de responsabilit\u00e9 exigent une grande gestion du stress. Il faut \u00eatre pr\u00eat \u00e0 jongler avec les impr\u00e9vus et \u00e0 assurer une communication claire, m\u00eame sous pression. L&#039;exigence envers la pr\u00e9cision administrative peut \u00e9galement repr\u00e9senter un d\u00e9fi pour certains profils. Enfin, le poste requiert une certaine flexibilit\u00e9 horaire autour des imp\u00e9ratifs d&#039;acheminement. Ces contraintes sont compens\u00e9es par un environnement professionnel et formateur. Toutefois, elles n\u00e9cessitent un engagement certain d\u00e8s le d\u00e9part.<\/p>\n<h2>Verdict sur le poste<\/h2>\n<p>Cette opportunit\u00e9 convient aux candidats recherchant un CDI o\u00f9 la gestion op\u00e9rationnelle et le contact client priment. Le poste permet d&#039;acqu\u00e9rir une v\u00e9ritable expertise dans la logistique du secteur de l&#039;art. Gr\u00e2ce \u00e0 sa polyvalence, il s&#039;adresse aux profils efficaces, rigoureux et dot\u00e9s d&#039;un bon relationnel. Malgr\u00e9 l&#039;intensit\u00e9 du rythme, la richesse des missions, la stabilit\u00e9 et les perspectives d&#039;\u00e9volution offertes en font une option \u00e0 privil\u00e9gier pour dynamiser votre carri\u00e8re.<\/p>\n<div style=\"background: #ffffff; border-radius: 12px; box-shadow: 0 10px 30px rgba(0, 0, 0, 0.1); width: 100%; max-width: 340px; padding: 25px; transition: transform 0.3s ease-in-out; overflow: visible; display: flex; flex-direction: column; position: relative; border: 1px solid #28a745; margin-top: 70px; margin-bottom: 50px; margin-left: auto; margin-right: auto;\">\n<div style=\"position: absolute; top: -35px; right: 15px; color: #28a745; padding: 5px 10px; border-radius: 6px; font-size: 14px; font-weight: bold; display: flex; align-items: center; z-index: 10;\">Recommand\u00e9 pour vous<\/div>\n<div data-namespace-header=\"\" style=\"\">\n<h3 data-namespace-title=\"\" style=\"color: #333; font-size: 20px; font-weight: bold; text-align: left; margin-right: 50px; min-height: 50px; margin-top: 0px;\">Coordinateur Logistique et Transport \u0152uvres d&#039;Art<\/h3>\n<\/p><\/div>\n<p data-namespace-prompt=\"\" style=\"font-size: 16px; color: #666; margin-bottom: 20px; line-height: 1.5; flex-grow: 1; text-align: left; margin-top: 0px;\">Poste CDI orient\u00e9 gestion op\u00e9rationnelle, suivi client, coordination transport et export. Requiert rigueur, adaptabilit\u00e9 et anglais courant. Salaire selon profil, environnement dynamique.<\/p>\n<p>    <a data-namespace-url=\"\" href=\"https:\/\/betherz.com\/fr\/redirect\/?https:\/\/fr.fashionjobs.com\/emploi\/sintel\/Coordinateur-logistique-et-transport-oeuvres-d-art,11337410.html?utm_campaign=google_jobs_apply&#038;utm_source=google_jobs_apply&#038;utm_medium=organic\" style=\"width: 100%; display: inline-block; color: white; text-decoration: none; border-radius: 6px; font-size: 16px; font-weight: bold; text-align: center; transition: transform 0.3s ease, background 0.3s ease; margin-top: auto;\" data-namespace-id=\"5c0d2565-3ba9-4280-a382-ad2a691e2285\"><br \/>\n        <button style=\"width: 100%; height: 55px; background: #e9e9ed; border: 1px solid black; color: black;\">Postuler \u00e0 cette offre<\/button><br \/>\n    <\/a><br \/>\n    <small style=\"margin-top: 10px; color: #777; font-size: 12px; text-align: center; display: block;\">Vous serez redirig\u00e9 vers un autre site<\/small>\n<\/div>","protected":false},"excerpt":{"rendered":"<p>Saisissez l&#039;opportunit\u00e9 CDI propos\u00e9e : poste de Coordinateur Logistique et Transport \u0152uvres d&#039;Art, missions stimulantes, \u00e9volution professionnelle et environnement dynamique ! D\u00e9couvrez les points forts et limites.<\/p>","protected":false},"author":3,"featured_media":0,"comment_status":"closed","ping_status":"open","sticky":false,"template":"","format":"standard","meta":{"footnotes":""},"categories":[10],"tags":[],"yoast_head":"<!-- This site is optimized with the Yoast SEO plugin v23.3 - https:\/\/yoast.com\/wordpress\/plugins\/seo\/ -->\n<title>Coordinateur Logistique et Transport \u0152uvres d\u2019Art \u2013 CDI, Fonction Polyvalente et Environnement Stimulant - Betherz<\/title>\n<meta name=\"robots\" content=\"index, follow, max-snippet:-1, max-image-preview:large, max-video-preview:-1\" \/>\n<link rel=\"canonical\" href=\"https:\/\/betherz.com\/fr\/fe2dfa4a-1484-4f0d-ae0e-5b7fcc4df115\/\" \/>\n<meta property=\"og:locale\" content=\"fr_FR\" \/>\n<meta property=\"og:type\" content=\"article\" \/>\n<meta property=\"og:title\" content=\"Coordinateur Logistique et Transport \u0152uvres d\u2019Art \u2013 CDI, Fonction Polyvalente et Environnement Stimulant - Betherz\" \/>\n<meta property=\"og:description\" content=\"Saisissez l\u2019opportunit\u00e9 CDI propos\u00e9e : poste de Coordinateur Logistique et Transport \u0152uvres d\u2019Art, missions stimulantes, \u00e9volution professionnelle et environnement dynamique ! D\u00e9couvrez les points forts et limites.\" \/>\n<meta property=\"og:url\" content=\"https:\/\/betherz.com\/fr\/fe2dfa4a-1484-4f0d-ae0e-5b7fcc4df115\/\" \/>\n<meta property=\"og:site_name\" content=\"Betherz\" \/>\n<meta property=\"article:published_time\" content=\"2026-02-20T13:46:00+00:00\" \/>\n<meta property=\"article:modified_time\" content=\"2026-02-20T13:46:11+00:00\" \/>\n<meta name=\"author\" content=\"Bruno Gianni\" \/>\n<meta name=\"twitter:card\" content=\"summary_large_image\" \/>\n<meta name=\"twitter:label1\" content=\"Written by\" \/>\n\t<meta name=\"twitter:data1\" content=\"Bruno Gianni\" \/>\n\t<meta name=\"twitter:label2\" content=\"Est. reading time\" \/>\n\t<meta name=\"twitter:data2\" content=\"3 minutes\" \/>\n<script type=\"application\/ld+json\" class=\"yoast-schema-graph\">{\"@context\":\"https:\/\/schema.org\",\"@graph\":[{\"@type\":\"Article\",\"@id\":\"https:\/\/betherz.com\/fe2dfa4a-1484-4f0d-ae0e-5b7fcc4df115\/#article\",\"isPartOf\":{\"@id\":\"https:\/\/betherz.com\/fe2dfa4a-1484-4f0d-ae0e-5b7fcc4df115\/\"},\"author\":{\"name\":\"Bruno Gianni\",\"@id\":\"https:\/\/betherz.com\/#\/schema\/person\/d52888235fd6563bd07d97185d6a61e4\"},\"headline\":\"Coordinateur Logistique et Transport \u0152uvres d\u2019Art \u2013 CDI, Fonction Polyvalente et Environnement Stimulant\",\"datePublished\":\"2026-02-20T13:46:00+00:00\",\"dateModified\":\"2026-02-20T13:46:11+00:00\",\"mainEntityOfPage\":{\"@id\":\"https:\/\/betherz.com\/fe2dfa4a-1484-4f0d-ae0e-5b7fcc4df115\/\"},\"wordCount\":575,\"publisher\":{\"@id\":\"https:\/\/betherz.com\/#organization\"},\"articleSection\":[\"Hidden\"],\"inLanguage\":\"fr-FR\"},{\"@type\":\"WebPage\",\"@id\":\"https:\/\/betherz.com\/fe2dfa4a-1484-4f0d-ae0e-5b7fcc4df115\/\",\"url\":\"https:\/\/betherz.com\/fe2dfa4a-1484-4f0d-ae0e-5b7fcc4df115\/\",\"name\":\"Coordinateur Logistique et Transport \u0152uvres d\u2019Art \u2013 CDI, Fonction Polyvalente et Environnement Stimulant - Betherz\",\"isPartOf\":{\"@id\":\"https:\/\/betherz.com\/#website\"},\"datePublished\":\"2026-02-20T13:46:00+00:00\",\"dateModified\":\"2026-02-20T13:46:11+00:00\",\"breadcrumb\":{\"@id\":\"https:\/\/betherz.com\/fe2dfa4a-1484-4f0d-ae0e-5b7fcc4df115\/#breadcrumb\"},\"inLanguage\":\"fr-FR\",\"potentialAction\":[{\"@type\":\"ReadAction\",\"target\":[\"https:\/\/betherz.com\/fe2dfa4a-1484-4f0d-ae0e-5b7fcc4df115\/\"]}]},{\"@type\":\"BreadcrumbList\",\"@id\":\"https:\/\/betherz.com\/fe2dfa4a-1484-4f0d-ae0e-5b7fcc4df115\/#breadcrumb\",\"itemListElement\":[{\"@type\":\"ListItem\",\"position\":1,\"name\":\"Home\",\"item\":\"https:\/\/betherz.com\/\"},{\"@type\":\"ListItem\",\"position\":2,\"name\":\"Coordinateur Logistique et Transport \u0152uvres d\u2019Art \u2013 CDI, Fonction Polyvalente et Environnement Stimulant\"}]},{\"@type\":\"WebSite\",\"@id\":\"https:\/\/betherz.com\/#website\",\"url\":\"https:\/\/betherz.com\/\",\"name\":\"Betherz\",\"description\":\"\",\"publisher\":{\"@id\":\"https:\/\/betherz.com\/#organization\"},\"potentialAction\":[{\"@type\":\"SearchAction\",\"target\":{\"@type\":\"EntryPoint\",\"urlTemplate\":\"https:\/\/betherz.com\/?s={search_term_string}\"},\"query-input\":\"required name=search_term_string\"}],\"inLanguage\":\"fr-FR\"},{\"@type\":\"Organization\",\"@id\":\"https:\/\/betherz.com\/#organization\",\"name\":\"Betherz\",\"url\":\"https:\/\/betherz.com\/\",\"logo\":{\"@type\":\"ImageObject\",\"inLanguage\":\"fr-FR\",\"@id\":\"https:\/\/betherz.com\/#\/schema\/logo\/image\/\",\"url\":\"https:\/\/betherz.com\/wp-content\/uploads\/sites\/579\/2025\/10\/cropped-ChatGPT-Image-8-de-out.-de-2025-16_06_26-1.png\",\"contentUrl\":\"https:\/\/betherz.com\/wp-content\/uploads\/sites\/579\/2025\/10\/cropped-ChatGPT-Image-8-de-out.-de-2025-16_06_26-1.png\",\"width\":1024,\"height\":1024,\"caption\":\"Betherz\"},\"image\":{\"@id\":\"https:\/\/betherz.com\/#\/schema\/logo\/image\/\"}},{\"@type\":\"Person\",\"@id\":\"https:\/\/betherz.com\/#\/schema\/person\/d52888235fd6563bd07d97185d6a61e4\",\"name\":\"Bruno Gianni\",\"image\":{\"@type\":\"ImageObject\",\"inLanguage\":\"fr-FR\",\"@id\":\"https:\/\/betherz.com\/#\/schema\/person\/image\/\",\"url\":\"https:\/\/secure.gravatar.com\/avatar\/0f5d42d7bf77874643c1478932860e3f?s=96&d=mm&r=g\",\"contentUrl\":\"https:\/\/secure.gravatar.com\/avatar\/0f5d42d7bf77874643c1478932860e3f?s=96&d=mm&r=g\",\"caption\":\"Bruno Gianni\"},\"description\":\"Bruno writes the way he lives, with curiosity, care, and respect for people. He likes to observe, listen, and try to understand what is happening on the other side before putting any words on the page.For him, writing is not about impressing, but about getting closer. It is about turning thoughts into something simple, clear, and real. Every text is an ongoing conversation, created with care and honesty, with the sincere intention of touching someone, somewhere along the way.\",\"url\":\"https:\/\/betherz.com\/fr\/author\/bcgianni\/\"}]}<\/script>\n<!-- \/ Yoast SEO plugin. -->","yoast_head_json":{"title":"Coordinateur Logistique et Transport \u0152uvres d\u2019Art \u2013 CDI, Fonction Polyvalente et Environnement Stimulant - Betherz","robots":{"index":"index","follow":"follow","max-snippet":"max-snippet:-1","max-image-preview":"max-image-preview:large","max-video-preview":"max-video-preview:-1"},"canonical":"https:\/\/betherz.com\/fr\/fe2dfa4a-1484-4f0d-ae0e-5b7fcc4df115\/","og_locale":"fr_FR","og_type":"article","og_title":"Coordinateur Logistique et Transport \u0152uvres d\u2019Art \u2013 CDI, Fonction Polyvalente et Environnement Stimulant - Betherz","og_description":"Saisissez l\u2019opportunit\u00e9 CDI propos\u00e9e : poste de Coordinateur Logistique et Transport \u0152uvres d\u2019Art, missions stimulantes, \u00e9volution professionnelle et environnement dynamique ! D\u00e9couvrez les points forts et limites.","og_url":"https:\/\/betherz.com\/fr\/fe2dfa4a-1484-4f0d-ae0e-5b7fcc4df115\/","og_site_name":"Betherz","article_published_time":"2026-02-20T13:46:00+00:00","article_modified_time":"2026-02-20T13:46:11+00:00","author":"Bruno Gianni","twitter_card":"summary_large_image","twitter_misc":{"Written by":"Bruno Gianni","Est. reading time":"3 minutes"},"schema":{"@context":"https:\/\/schema.org","@graph":[{"@type":"Article","@id":"https:\/\/betherz.com\/fe2dfa4a-1484-4f0d-ae0e-5b7fcc4df115\/#article","isPartOf":{"@id":"https:\/\/betherz.com\/fe2dfa4a-1484-4f0d-ae0e-5b7fcc4df115\/"},"author":{"name":"Bruno Gianni","@id":"https:\/\/betherz.com\/#\/schema\/person\/d52888235fd6563bd07d97185d6a61e4"},"headline":"Coordinateur Logistique et Transport \u0152uvres d\u2019Art \u2013 CDI, Fonction Polyvalente et Environnement Stimulant","datePublished":"2026-02-20T13:46:00+00:00","dateModified":"2026-02-20T13:46:11+00:00","mainEntityOfPage":{"@id":"https:\/\/betherz.com\/fe2dfa4a-1484-4f0d-ae0e-5b7fcc4df115\/"},"wordCount":575,"publisher":{"@id":"https:\/\/betherz.com\/#organization"},"articleSection":["Hidden"],"inLanguage":"fr-FR"},{"@type":"WebPage","@id":"https:\/\/betherz.com\/fe2dfa4a-1484-4f0d-ae0e-5b7fcc4df115\/","url":"https:\/\/betherz.com\/fe2dfa4a-1484-4f0d-ae0e-5b7fcc4df115\/","name":"Coordinateur Logistique et Transport \u0152uvres d\u2019Art \u2013 CDI, Fonction Polyvalente et Environnement Stimulant - Betherz","isPartOf":{"@id":"https:\/\/betherz.com\/#website"},"datePublished":"2026-02-20T13:46:00+00:00","dateModified":"2026-02-20T13:46:11+00:00","breadcrumb":{"@id":"https:\/\/betherz.com\/fe2dfa4a-1484-4f0d-ae0e-5b7fcc4df115\/#breadcrumb"},"inLanguage":"fr-FR","potentialAction":[{"@type":"ReadAction","target":["https:\/\/betherz.com\/fe2dfa4a-1484-4f0d-ae0e-5b7fcc4df115\/"]}]},{"@type":"BreadcrumbList","@id":"https:\/\/betherz.com\/fe2dfa4a-1484-4f0d-ae0e-5b7fcc4df115\/#breadcrumb","itemListElement":[{"@type":"ListItem","position":1,"name":"Home","item":"https:\/\/betherz.com\/"},{"@type":"ListItem","position":2,"name":"Coordinateur Logistique et Transport \u0152uvres d\u2019Art \u2013 CDI, Fonction Polyvalente et Environnement Stimulant"}]},{"@type":"WebSite","@id":"https:\/\/betherz.com\/#website","url":"https:\/\/betherz.com\/","name":"Betherz","description":"","publisher":{"@id":"https:\/\/betherz.com\/#organization"},"potentialAction":[{"@type":"SearchAction","target":{"@type":"EntryPoint","urlTemplate":"https:\/\/betherz.com\/?s={search_term_string}"},"query-input":"required name=search_term_string"}],"inLanguage":"fr-FR"},{"@type":"Organization","@id":"https:\/\/betherz.com\/#organization","name":"Betherz","url":"https:\/\/betherz.com\/","logo":{"@type":"ImageObject","inLanguage":"fr-FR","@id":"https:\/\/betherz.com\/#\/schema\/logo\/image\/","url":"https:\/\/betherz.com\/wp-content\/uploads\/sites\/579\/2025\/10\/cropped-ChatGPT-Image-8-de-out.-de-2025-16_06_26-1.png","contentUrl":"https:\/\/betherz.com\/wp-content\/uploads\/sites\/579\/2025\/10\/cropped-ChatGPT-Image-8-de-out.-de-2025-16_06_26-1.png","width":1024,"height":1024,"caption":"Betherz"},"image":{"@id":"https:\/\/betherz.com\/#\/schema\/logo\/image\/"}},{"@type":"Person","@id":"https:\/\/betherz.com\/#\/schema\/person\/d52888235fd6563bd07d97185d6a61e4","name":"Bruno Gianni","image":{"@type":"ImageObject","inLanguage":"fr-FR","@id":"https:\/\/betherz.com\/#\/schema\/person\/image\/","url":"https:\/\/secure.gravatar.com\/avatar\/0f5d42d7bf77874643c1478932860e3f?s=96&d=mm&r=g","contentUrl":"https:\/\/secure.gravatar.com\/avatar\/0f5d42d7bf77874643c1478932860e3f?s=96&d=mm&r=g","caption":"Bruno Gianni"},"description":"Bruno writes the way he lives, with curiosity, care, and respect for people. He likes to observe, listen, and try to understand what is happening on the other side before putting any words on the page.For him, writing is not about impressing, but about getting closer. It is about turning thoughts into something simple, clear, and real. Every text is an ongoing conversation, created with care and honesty, with the sincere intention of touching someone, somewhere along the way.","url":"https:\/\/betherz.com\/fr\/author\/bcgianni\/"}]}},"_links":{"self":[{"href":"https:\/\/betherz.com\/fr\/wp-json\/wp\/v2\/posts\/585"}],"collection":[{"href":"https:\/\/betherz.com\/fr\/wp-json\/wp\/v2\/posts"}],"about":[{"href":"https:\/\/betherz.com\/fr\/wp-json\/wp\/v2\/types\/post"}],"author":[{"embeddable":true,"href":"https:\/\/betherz.com\/fr\/wp-json\/wp\/v2\/users\/3"}],"replies":[{"embeddable":true,"href":"https:\/\/betherz.com\/fr\/wp-json\/wp\/v2\/comments?post=585"}],"version-history":[{"count":1,"href":"https:\/\/betherz.com\/fr\/wp-json\/wp\/v2\/posts\/585\/revisions"}],"predecessor-version":[{"id":595,"href":"https:\/\/betherz.com\/fr\/wp-json\/wp\/v2\/posts\/585\/revisions\/595"}],"wp:attachment":[{"href":"https:\/\/betherz.com\/fr\/wp-json\/wp\/v2\/media?parent=585"}],"wp:term":[{"taxonomy":"category","embeddable":true,"href":"https:\/\/betherz.com\/fr\/wp-json\/wp\/v2\/categories?post=585"},{"taxonomy":"post_tag","embeddable":true,"href":"https:\/\/betherz.com\/fr\/wp-json\/wp\/v2\/tags?post=585"}],"curies":[{"name":"wp","href":"https:\/\/api.w.org\/{rel}","templated":true}]}}