    {"id":589,"date":"2026-02-20T13:46:00","date_gmt":"2026-02-20T13:46:00","guid":{"rendered":"https:\/\/betherz.com\/7721014b-d25d-4bc1-bca7-08ef04053d7a\/"},"modified":"2026-02-20T13:46:56","modified_gmt":"2026-02-20T13:46:56","slug":"7721014b-d25d-4bc1-bca7-08ef04053d7a","status":"publish","type":"post","link":"https:\/\/betherz.com\/fr\/7721014b-d25d-4bc1-bca7-08ef04053d7a\/","title":{"rendered":"Responsable du P\u00f4le Logistique, Hygi\u00e8ne, Propret\u00e9 &amp; D\u00e9veloppement Durable H\/F \u2013 Gestion d&#039;\u00e9quipe, mission durable, management"},"content":{"rendered":"<\/p>\n<\/p>\n<div style=\"background: #ffffff; border-radius: 12px; box-shadow: 0 10px 30px rgba(0, 0, 0, 0.1); width: 100%; max-width: 340px; padding: 25px; transition: transform 0.3s ease-in-out; overflow: visible; display: flex; flex-direction: column; position: relative; border: 1px solid #28a745; margin-top: 70px; margin-bottom: 50px; margin-left: auto; margin-right: auto;\">\n<div style=\"position: absolute; top: -35px; right: 15px; color: #28a745; padding: 5px 10px; border-radius: 6px; font-size: 14px; font-weight: bold; display: flex; align-items: center; z-index: 10;\">Recommand\u00e9 pour vous<\/div>\n<div data-namespace-header=\"\" style=\"\">\n<h3 data-namespace-title=\"\" style=\"color: #333; font-size: 20px; font-weight: bold; text-align: left; margin-right: 50px; min-height: 50px; margin-top: 0px;\">Responsable du P\u00f4le Logistique<\/h3>\n<\/p><\/div>\n<p data-namespace-prompt=\"\" style=\"font-size: 16px; color: #666; margin-bottom: 20px; line-height: 1.5; flex-grow: 1; text-align: left; margin-top: 0px;\">Coordonnez une \u00e9quipe pluridisciplinaire, g\u00e9rez la logistique, l&#039;hygi\u00e8ne et la propret\u00e9, participez \u00e0 la transition \u00e9cologique. Gestionnaire confirm\u00e9 attendu.<\/p>\n<p>    <a data-namespace-url=\"\" href=\"https:\/\/betherz.com\/fr\/redirect\/?https:\/\/choisirleservicepublic.gouv.fr\/offre-emploi\/responsable-du-pole--logistique-hygine-propret--dveloppement-durable-hf-saam-d5-reference-2026-2198003\/?utm_campaign=google_jobs_apply&#038;utm_source=google_jobs_apply&#038;utm_medium=organic\" style=\"width: 100%; display: inline-block; color: white; text-decoration: none; border-radius: 6px; font-size: 16px; font-weight: bold; text-align: center; transition: transform 0.3s ease, background 0.3s ease; margin-top: auto;\" data-namespace-id=\"5c0d2565-3ba9-4280-a382-ad2a691e2285\"><br \/>\n        <button style=\"width: 100%; height: 55px; background: #e9e9ed; border: 1px solid black; color: black;\">Postuler \u00e0 l&#039;offre<\/button><br \/>\n    <\/a><br \/>\n    <small style=\"margin-top: 10px; color: #777; font-size: 12px; text-align: center; display: block;\">Vous serez redirig\u00e9 vers un autre site<\/small>\n<\/div>\n<h2>Pr\u00e9sentation de l&#039;offre<\/h2>\n<p>Le poste de Responsable du P\u00f4le Logistique, Hygi\u00e8ne, Propret\u00e9 &amp; D\u00e9veloppement Durable H\/F est ouvert aux contractuels et titulaires. Il s&#039;agit d&#039;un poste de cat\u00e9gorie A, avec responsabilit\u00e9s manag\u00e9riales.<\/p>\n<p>La r\u00e9mun\u00e9ration n\u2019est pas pr\u00e9cise actuellement. Le t\u00e9l\u00e9travail est envisageable en fonction des besoins et de l&#039;organisation du service.<\/p>\n<p>Ce poste est id\u00e9al pour un professionnel exp\u00e9riment\u00e9 d\u00e9sireux de s&#039;engager dans la modernisation de la logistique publique et la gestion durable.<\/p>\n<p>Une exp\u00e9rience confirm\u00e9e en gestion d&#039;\u00e9quipes et gestion de projets logistiques est requise. La motivation et le sens de l&#039;organisation sont attendus.<\/p>\n<h2>Vos responsabilit\u00e9s au quotidien<\/h2>\n<p>Organisateur, prioriser et planifier les t\u00e2ches d&#039;une \u00e9quipe de 20 agents, en lien avec l&#039;adjoint et les responsables de sites.<\/p>\n<p>S&#039;assurer de la bonne ex\u00e9cution des missions, surtout en situation d&#039;urgence ou lors de commandes sp\u00e9cifiques, particuli\u00e8rement pour les cabinets minist\u00e9riels.<\/p>\n<p>Participer \u00e0 la strat\u00e9gie de transition \u00e9cologique au sein de l&#039;administration centrale, en int\u00e9grant des d\u00e9marches durables dans la gestion quotidienne.<\/p>\n<p>G\u00e9rer les d\u00e9m\u00e9nagements, en planifiant et organisant tous les aspects op\u00e9rationnels avec l&#039;appui du projet de regroupement.<\/p>\n<p>Superviser les prestataires externes pour garantir le respect des march\u00e9s publics et la qualit\u00e9 des prestations offertes.<\/p>\n<h2>Points forts du poste<\/h2>\n<p>Le poste offre la possibilit\u00e9 de travailler sur des missions diversifi\u00e9es et \u00e0 fort impact pour l&#039;administration centrale.<\/p>\n<p>B\u00e9n\u00e9ficiez d&#039;une autonomie r\u00e9elle pour piloter des activit\u00e9s logistiques, tout en participant activement \u00e0 des projets innovants et \u00e9cologiques.<\/p>\n<p>Un environnement dynamique et stimulant, facilitant le d\u00e9veloppement des comp\u00e9tences manag\u00e9riales et la progression professionnelle.<\/p>\n<h2>Points de vigilance<\/h2>\n<p>Les attentes en termes de r\u00e9activit\u00e9 et de capacit\u00e9 \u00e0 g\u00e9rer l&#039;urgence peuvent s&#039;av\u00e9rer \u00e9lev\u00e9es, notamment dans le contexte minist\u00e9riel.<\/p>\n<p>Le contexte administratif implique une rigueur particuli\u00e8re dans le respect des proc\u00e9dures et des march\u00e9s publics.<\/p>\n<h2>Verdict<\/h2>\n<p>Ce poste convient parfaitement \u00e0 une personne confirm\u00e9e souhaitant approfondir ou conforter ses comp\u00e9tences en management tout en s&#039;investissant dans des d\u00e9marches durables et innovantes.<\/p>\n<p>Il permet de mettre concr\u00e8tement \u00e0 profit son expertise logistique, au service d&#039;une administration centrale exigeante et en pleine mutation.<\/p>\n<div style=\"background: #ffffff; border-radius: 12px; box-shadow: 0 10px 30px rgba(0, 0, 0, 0.1); width: 100%; max-width: 340px; padding: 25px; transition: transform 0.3s ease-in-out; overflow: visible; display: flex; flex-direction: column; position: relative; border: 1px solid #28a745; margin-top: 70px; margin-bottom: 50px; margin-left: auto; margin-right: auto;\">\n<div style=\"position: absolute; top: -35px; right: 15px; color: #28a745; padding: 5px 10px; border-radius: 6px; font-size: 14px; font-weight: bold; display: flex; align-items: center; z-index: 10;\">Recommand\u00e9 pour vous<\/div>\n<div data-namespace-header=\"\" style=\"\">\n<h3 data-namespace-title=\"\" style=\"color: #333; font-size: 20px; font-weight: bold; text-align: left; margin-right: 50px; min-height: 50px; margin-top: 0px;\">Responsable du P\u00f4le Logistique<\/h3>\n<\/p><\/div>\n<p data-namespace-prompt=\"\" style=\"font-size: 16px; color: #666; margin-bottom: 20px; line-height: 1.5; flex-grow: 1; text-align: left; margin-top: 0px;\">Coordonnez une \u00e9quipe pluridisciplinaire, g\u00e9rez la logistique, l&#039;hygi\u00e8ne et la propret\u00e9, participez \u00e0 la transition \u00e9cologique. Gestionnaire confirm\u00e9 attendu.<\/p>\n<p>    <a data-namespace-url=\"\" href=\"https:\/\/betherz.com\/fr\/redirect\/?https:\/\/choisirleservicepublic.gouv.fr\/offre-emploi\/responsable-du-pole--logistique-hygine-propret--dveloppement-durable-hf-saam-d5-reference-2026-2198003\/?utm_campaign=google_jobs_apply&#038;utm_source=google_jobs_apply&#038;utm_medium=organic\" style=\"width: 100%; display: inline-block; color: white; text-decoration: none; border-radius: 6px; font-size: 16px; font-weight: bold; text-align: center; transition: transform 0.3s ease, background 0.3s ease; margin-top: auto;\" data-namespace-id=\"5c0d2565-3ba9-4280-a382-ad2a691e2285\"><br \/>\n        <button style=\"width: 100%; height: 55px; background: #e9e9ed; border: 1px solid black; color: black;\">Postuler \u00e0 l&#039;offre<\/button><br \/>\n    <\/a><br \/>\n    <small style=\"margin-top: 10px; color: #777; font-size: 12px; text-align: center; display: block;\">Vous serez redirig\u00e9 vers un autre site<\/small>\n<\/div>","protected":false},"excerpt":{"rendered":"<p>Offre d&#8217;emploi : Responsable du P\u00f4le Logistique, Hygi\u00e8ne, Propret\u00e9 &#038; D\u00e9veloppement Durable H\/F. G\u00e9rez une \u00e9quipe et innovez en logistique durable dans l&#8217;administration centrale. Postulez vite !<\/p>","protected":false},"author":3,"featured_media":0,"comment_status":"closed","ping_status":"open","sticky":false,"template":"","format":"standard","meta":{"footnotes":""},"categories":[10],"tags":[],"yoast_head":"<!-- This site is optimized with the Yoast SEO plugin v23.3 - https:\/\/yoast.com\/wordpress\/plugins\/seo\/ -->\n<title>Responsable du P\u00f4le Logistique, Hygi\u00e8ne, Propret\u00e9 &amp; D\u00e9veloppement Durable H\/F \u2013 Gestion d\u2019\u00e9quipe, mission durable, management - Betherz<\/title>\n<meta name=\"robots\" content=\"index, follow, max-snippet:-1, max-image-preview:large, max-video-preview:-1\" \/>\n<link rel=\"canonical\" href=\"https:\/\/betherz.com\/fr\/7721014b-d25d-4bc1-bca7-08ef04053d7a\/\" \/>\n<meta property=\"og:locale\" content=\"fr_FR\" \/>\n<meta property=\"og:type\" content=\"article\" \/>\n<meta property=\"og:title\" content=\"Responsable du P\u00f4le Logistique, Hygi\u00e8ne, Propret\u00e9 &amp; D\u00e9veloppement Durable H\/F \u2013 Gestion d\u2019\u00e9quipe, mission durable, management - Betherz\" \/>\n<meta property=\"og:description\" content=\"Offre d&#039;emploi : Responsable du P\u00f4le Logistique, Hygi\u00e8ne, Propret\u00e9 &amp; D\u00e9veloppement Durable H\/F. G\u00e9rez une \u00e9quipe et innovez en logistique durable dans l&#039;administration centrale. Postulez vite !\" \/>\n<meta property=\"og:url\" content=\"https:\/\/betherz.com\/fr\/7721014b-d25d-4bc1-bca7-08ef04053d7a\/\" \/>\n<meta property=\"og:site_name\" content=\"Betherz\" \/>\n<meta property=\"article:published_time\" content=\"2026-02-20T13:46:00+00:00\" \/>\n<meta property=\"article:modified_time\" content=\"2026-02-20T13:46:56+00:00\" \/>\n<meta name=\"author\" content=\"Bruno Gianni\" \/>\n<meta name=\"twitter:card\" content=\"summary_large_image\" \/>\n<meta name=\"twitter:label1\" content=\"Written by\" \/>\n\t<meta name=\"twitter:data1\" content=\"Bruno Gianni\" \/>\n\t<meta name=\"twitter:label2\" content=\"Est. reading time\" \/>\n\t<meta name=\"twitter:data2\" content=\"2 minutes\" \/>\n<script type=\"application\/ld+json\" class=\"yoast-schema-graph\">{\"@context\":\"https:\/\/schema.org\",\"@graph\":[{\"@type\":\"Article\",\"@id\":\"https:\/\/betherz.com\/7721014b-d25d-4bc1-bca7-08ef04053d7a\/#article\",\"isPartOf\":{\"@id\":\"https:\/\/betherz.com\/7721014b-d25d-4bc1-bca7-08ef04053d7a\/\"},\"author\":{\"name\":\"Bruno Gianni\",\"@id\":\"https:\/\/betherz.com\/#\/schema\/person\/d52888235fd6563bd07d97185d6a61e4\"},\"headline\":\"Responsable du P\u00f4le Logistique, Hygi\u00e8ne, Propret\u00e9 &#038; D\u00e9veloppement Durable H\/F \u2013 Gestion d\u2019\u00e9quipe, mission durable, management\",\"datePublished\":\"2026-02-20T13:46:00+00:00\",\"dateModified\":\"2026-02-20T13:46:56+00:00\",\"mainEntityOfPage\":{\"@id\":\"https:\/\/betherz.com\/7721014b-d25d-4bc1-bca7-08ef04053d7a\/\"},\"wordCount\":495,\"publisher\":{\"@id\":\"https:\/\/betherz.com\/#organization\"},\"articleSection\":[\"Hidden\"],\"inLanguage\":\"fr-FR\"},{\"@type\":\"WebPage\",\"@id\":\"https:\/\/betherz.com\/7721014b-d25d-4bc1-bca7-08ef04053d7a\/\",\"url\":\"https:\/\/betherz.com\/7721014b-d25d-4bc1-bca7-08ef04053d7a\/\",\"name\":\"Responsable du P\u00f4le Logistique, Hygi\u00e8ne, Propret\u00e9 & D\u00e9veloppement Durable H\/F \u2013 Gestion d\u2019\u00e9quipe, mission durable, management - Betherz\",\"isPartOf\":{\"@id\":\"https:\/\/betherz.com\/#website\"},\"datePublished\":\"2026-02-20T13:46:00+00:00\",\"dateModified\":\"2026-02-20T13:46:56+00:00\",\"breadcrumb\":{\"@id\":\"https:\/\/betherz.com\/7721014b-d25d-4bc1-bca7-08ef04053d7a\/#breadcrumb\"},\"inLanguage\":\"fr-FR\",\"potentialAction\":[{\"@type\":\"ReadAction\",\"target\":[\"https:\/\/betherz.com\/7721014b-d25d-4bc1-bca7-08ef04053d7a\/\"]}]},{\"@type\":\"BreadcrumbList\",\"@id\":\"https:\/\/betherz.com\/7721014b-d25d-4bc1-bca7-08ef04053d7a\/#breadcrumb\",\"itemListElement\":[{\"@type\":\"ListItem\",\"position\":1,\"name\":\"Home\",\"item\":\"https:\/\/betherz.com\/\"},{\"@type\":\"ListItem\",\"position\":2,\"name\":\"Responsable du P\u00f4le Logistique, Hygi\u00e8ne, Propret\u00e9 &#038; D\u00e9veloppement Durable H\/F \u2013 Gestion d\u2019\u00e9quipe, mission durable, management\"}]},{\"@type\":\"WebSite\",\"@id\":\"https:\/\/betherz.com\/#website\",\"url\":\"https:\/\/betherz.com\/\",\"name\":\"Betherz\",\"description\":\"\",\"publisher\":{\"@id\":\"https:\/\/betherz.com\/#organization\"},\"potentialAction\":[{\"@type\":\"SearchAction\",\"target\":{\"@type\":\"EntryPoint\",\"urlTemplate\":\"https:\/\/betherz.com\/?s={search_term_string}\"},\"query-input\":\"required name=search_term_string\"}],\"inLanguage\":\"fr-FR\"},{\"@type\":\"Organization\",\"@id\":\"https:\/\/betherz.com\/#organization\",\"name\":\"Betherz\",\"url\":\"https:\/\/betherz.com\/\",\"logo\":{\"@type\":\"ImageObject\",\"inLanguage\":\"fr-FR\",\"@id\":\"https:\/\/betherz.com\/#\/schema\/logo\/image\/\",\"url\":\"https:\/\/betherz.com\/wp-content\/uploads\/sites\/579\/2025\/10\/cropped-ChatGPT-Image-8-de-out.-de-2025-16_06_26-1.png\",\"contentUrl\":\"https:\/\/betherz.com\/wp-content\/uploads\/sites\/579\/2025\/10\/cropped-ChatGPT-Image-8-de-out.-de-2025-16_06_26-1.png\",\"width\":1024,\"height\":1024,\"caption\":\"Betherz\"},\"image\":{\"@id\":\"https:\/\/betherz.com\/#\/schema\/logo\/image\/\"}},{\"@type\":\"Person\",\"@id\":\"https:\/\/betherz.com\/#\/schema\/person\/d52888235fd6563bd07d97185d6a61e4\",\"name\":\"Bruno Gianni\",\"image\":{\"@type\":\"ImageObject\",\"inLanguage\":\"fr-FR\",\"@id\":\"https:\/\/betherz.com\/#\/schema\/person\/image\/\",\"url\":\"https:\/\/secure.gravatar.com\/avatar\/0f5d42d7bf77874643c1478932860e3f?s=96&d=mm&r=g\",\"contentUrl\":\"https:\/\/secure.gravatar.com\/avatar\/0f5d42d7bf77874643c1478932860e3f?s=96&d=mm&r=g\",\"caption\":\"Bruno Gianni\"},\"description\":\"Bruno writes the way he lives, with curiosity, care, and respect for people. He likes to observe, listen, and try to understand what is happening on the other side before putting any words on the page.For him, writing is not about impressing, but about getting closer. It is about turning thoughts into something simple, clear, and real. Every text is an ongoing conversation, created with care and honesty, with the sincere intention of touching someone, somewhere along the way.\",\"url\":\"https:\/\/betherz.com\/fr\/author\/bcgianni\/\"}]}<\/script>\n<!-- \/ Yoast SEO plugin. -->","yoast_head_json":{"title":"Responsable du P\u00f4le Logistique, Hygi\u00e8ne, Propret\u00e9 & D\u00e9veloppement Durable H\/F \u2013 Gestion d\u2019\u00e9quipe, mission durable, management - Betherz","robots":{"index":"index","follow":"follow","max-snippet":"max-snippet:-1","max-image-preview":"max-image-preview:large","max-video-preview":"max-video-preview:-1"},"canonical":"https:\/\/betherz.com\/fr\/7721014b-d25d-4bc1-bca7-08ef04053d7a\/","og_locale":"fr_FR","og_type":"article","og_title":"Responsable du P\u00f4le Logistique, Hygi\u00e8ne, Propret\u00e9 & D\u00e9veloppement Durable H\/F \u2013 Gestion d\u2019\u00e9quipe, mission durable, management - Betherz","og_description":"Offre d'emploi : Responsable du P\u00f4le Logistique, Hygi\u00e8ne, Propret\u00e9 & D\u00e9veloppement Durable H\/F. G\u00e9rez une \u00e9quipe et innovez en logistique durable dans l'administration centrale. Postulez vite !","og_url":"https:\/\/betherz.com\/fr\/7721014b-d25d-4bc1-bca7-08ef04053d7a\/","og_site_name":"Betherz","article_published_time":"2026-02-20T13:46:00+00:00","article_modified_time":"2026-02-20T13:46:56+00:00","author":"Bruno Gianni","twitter_card":"summary_large_image","twitter_misc":{"Written by":"Bruno Gianni","Est. reading time":"2 minutes"},"schema":{"@context":"https:\/\/schema.org","@graph":[{"@type":"Article","@id":"https:\/\/betherz.com\/7721014b-d25d-4bc1-bca7-08ef04053d7a\/#article","isPartOf":{"@id":"https:\/\/betherz.com\/7721014b-d25d-4bc1-bca7-08ef04053d7a\/"},"author":{"name":"Bruno Gianni","@id":"https:\/\/betherz.com\/#\/schema\/person\/d52888235fd6563bd07d97185d6a61e4"},"headline":"Responsable du P\u00f4le Logistique, Hygi\u00e8ne, Propret\u00e9 &#038; D\u00e9veloppement Durable H\/F \u2013 Gestion d\u2019\u00e9quipe, mission durable, management","datePublished":"2026-02-20T13:46:00+00:00","dateModified":"2026-02-20T13:46:56+00:00","mainEntityOfPage":{"@id":"https:\/\/betherz.com\/7721014b-d25d-4bc1-bca7-08ef04053d7a\/"},"wordCount":495,"publisher":{"@id":"https:\/\/betherz.com\/#organization"},"articleSection":["Hidden"],"inLanguage":"fr-FR"},{"@type":"WebPage","@id":"https:\/\/betherz.com\/7721014b-d25d-4bc1-bca7-08ef04053d7a\/","url":"https:\/\/betherz.com\/7721014b-d25d-4bc1-bca7-08ef04053d7a\/","name":"Responsable du P\u00f4le Logistique, Hygi\u00e8ne, Propret\u00e9 & D\u00e9veloppement Durable H\/F \u2013 Gestion d\u2019\u00e9quipe, mission durable, management - Betherz","isPartOf":{"@id":"https:\/\/betherz.com\/#website"},"datePublished":"2026-02-20T13:46:00+00:00","dateModified":"2026-02-20T13:46:56+00:00","breadcrumb":{"@id":"https:\/\/betherz.com\/7721014b-d25d-4bc1-bca7-08ef04053d7a\/#breadcrumb"},"inLanguage":"fr-FR","potentialAction":[{"@type":"ReadAction","target":["https:\/\/betherz.com\/7721014b-d25d-4bc1-bca7-08ef04053d7a\/"]}]},{"@type":"BreadcrumbList","@id":"https:\/\/betherz.com\/7721014b-d25d-4bc1-bca7-08ef04053d7a\/#breadcrumb","itemListElement":[{"@type":"ListItem","position":1,"name":"Home","item":"https:\/\/betherz.com\/"},{"@type":"ListItem","position":2,"name":"Responsable du P\u00f4le Logistique, Hygi\u00e8ne, Propret\u00e9 &#038; D\u00e9veloppement Durable H\/F \u2013 Gestion d\u2019\u00e9quipe, mission durable, management"}]},{"@type":"WebSite","@id":"https:\/\/betherz.com\/#website","url":"https:\/\/betherz.com\/","name":"Betherz","description":"","publisher":{"@id":"https:\/\/betherz.com\/#organization"},"potentialAction":[{"@type":"SearchAction","target":{"@type":"EntryPoint","urlTemplate":"https:\/\/betherz.com\/?s={search_term_string}"},"query-input":"required name=search_term_string"}],"inLanguage":"fr-FR"},{"@type":"Organization","@id":"https:\/\/betherz.com\/#organization","name":"Betherz","url":"https:\/\/betherz.com\/","logo":{"@type":"ImageObject","inLanguage":"fr-FR","@id":"https:\/\/betherz.com\/#\/schema\/logo\/image\/","url":"https:\/\/betherz.com\/wp-content\/uploads\/sites\/579\/2025\/10\/cropped-ChatGPT-Image-8-de-out.-de-2025-16_06_26-1.png","contentUrl":"https:\/\/betherz.com\/wp-content\/uploads\/sites\/579\/2025\/10\/cropped-ChatGPT-Image-8-de-out.-de-2025-16_06_26-1.png","width":1024,"height":1024,"caption":"Betherz"},"image":{"@id":"https:\/\/betherz.com\/#\/schema\/logo\/image\/"}},{"@type":"Person","@id":"https:\/\/betherz.com\/#\/schema\/person\/d52888235fd6563bd07d97185d6a61e4","name":"Bruno Gianni","image":{"@type":"ImageObject","inLanguage":"fr-FR","@id":"https:\/\/betherz.com\/#\/schema\/person\/image\/","url":"https:\/\/secure.gravatar.com\/avatar\/0f5d42d7bf77874643c1478932860e3f?s=96&d=mm&r=g","contentUrl":"https:\/\/secure.gravatar.com\/avatar\/0f5d42d7bf77874643c1478932860e3f?s=96&d=mm&r=g","caption":"Bruno Gianni"},"description":"Bruno writes the way he lives, with curiosity, care, and respect for people. He likes to observe, listen, and try to understand what is happening on the other side before putting any words on the page.For him, writing is not about impressing, but about getting closer. It is about turning thoughts into something simple, clear, and real. Every text is an ongoing conversation, created with care and honesty, with the sincere intention of touching someone, somewhere along the way.","url":"https:\/\/betherz.com\/fr\/author\/bcgianni\/"}]}},"_links":{"self":[{"href":"https:\/\/betherz.com\/fr\/wp-json\/wp\/v2\/posts\/589"}],"collection":[{"href":"https:\/\/betherz.com\/fr\/wp-json\/wp\/v2\/posts"}],"about":[{"href":"https:\/\/betherz.com\/fr\/wp-json\/wp\/v2\/types\/post"}],"author":[{"embeddable":true,"href":"https:\/\/betherz.com\/fr\/wp-json\/wp\/v2\/users\/3"}],"replies":[{"embeddable":true,"href":"https:\/\/betherz.com\/fr\/wp-json\/wp\/v2\/comments?post=589"}],"version-history":[{"count":1,"href":"https:\/\/betherz.com\/fr\/wp-json\/wp\/v2\/posts\/589\/revisions"}],"predecessor-version":[{"id":599,"href":"https:\/\/betherz.com\/fr\/wp-json\/wp\/v2\/posts\/589\/revisions\/599"}],"wp:attachment":[{"href":"https:\/\/betherz.com\/fr\/wp-json\/wp\/v2\/media?parent=589"}],"wp:term":[{"taxonomy":"category","embeddable":true,"href":"https:\/\/betherz.com\/fr\/wp-json\/wp\/v2\/categories?post=589"},{"taxonomy":"post_tag","embeddable":true,"href":"https:\/\/betherz.com\/fr\/wp-json\/wp\/v2\/tags?post=589"}],"curies":[{"name":"wp","href":"https:\/\/api.w.org\/{rel}","templated":true}]}}